{"id":990221,"date":"2023-04-28T12:49:15","date_gmt":"2023-04-28T12:49:15","guid":{"rendered":"https:\/\/euskalbabel.eus\/assemblee-generale-2023\/"},"modified":"2023-07-11T12:04:55","modified_gmt":"2023-07-11T12:04:55","slug":"assemblee-generale-2023","status":"publish","type":"post","link":"https:\/\/euskalbabel.eus\/eu\/assemblee-generale-2023\/","title":{"rendered":"Assembl\u00e9e g\u00e9n\u00e9rale 2023"},"content":{"rendered":"<div class=\"vgblk-rw-wrapper limit-wrapper\"><span style=\"color: #000000;\">Le <strong>28 avril 2023<\/strong> a eu lieu l&#8217;assembl\u00e9e g\u00e9n\u00e9rale annuelle d&#8217; Euskal Babel, au 3Bis Maison des Habitants \u00e0 Bayonne.<\/span><\/p>\n<p>Dans une ambiance attentive, une quinzaine de personnes a pris connaissance des bilans moral et financier, traduisant une activit\u00e9 2022 tr\u00e8s fournie.<\/p>\n<p>Une \u00e9quipe de conseil d\u2019animation forte de 9 membres a \u00e9t\u00e9 \u00e9lue pour coordonner l\u2019activit\u00e9 de l\u2019ann\u00e9e \u00e0 venir.<\/p>\n<p>Des perspectives ont \u00e9t\u00e9 \u00e9voqu\u00e9es, autour du d\u00e9veloppement du dispositif Passeurs de langues et d\u2019une f\u00eate des 5 ans d\u2019Euskal Babel.<\/p>\n<p>La soir\u00e9e s\u2019est prolong\u00e9e de fa\u00e7on conviviale autour d\u2019un ap\u00e9ritif.<\/p><\/div>\n<p><!-- .vgblk-rw-wrapper --><\/p>\n","protected":false},"excerpt":{"rendered":"<p>Le 28 avril 2023 a eu lieu l&#8217;assembl\u00e9e g\u00e9n\u00e9rale annuelle d&#8217; Euskal Babel, au 3Bis Maison des Habitants \u00e0 Bayonne. Dans une ambiance attentive, une quinzaine de personnes a pris connaissance des bilans moral et financier, traduisant une activit\u00e9 2022 tr\u00e8s fournie. Une \u00e9quipe de conseil d\u2019animation forte de 9 membres a \u00e9t\u00e9 \u00e9lue pour&#8230;<\/p>\n","protected":false},"author":1,"featured_media":989686,"comment_status":"closed","ping_status":"closed","sticky":false,"template":"","format":"standard","meta":{"_seopress_robots_primary_cat":"none"},"categories":[1],"tags":[],"acf":[],"_links":{"self":[{"href":"https:\/\/euskalbabel.eus\/eu\/wp-json\/wp\/v2\/posts\/990221"}],"collection":[{"href":"https:\/\/euskalbabel.eus\/eu\/wp-json\/wp\/v2\/posts"}],"about":[{"href":"https:\/\/euskalbabel.eus\/eu\/wp-json\/wp\/v2\/types\/post"}],"author":[{"embeddable":true,"href":"https:\/\/euskalbabel.eus\/eu\/wp-json\/wp\/v2\/users\/1"}],"replies":[{"embeddable":true,"href":"https:\/\/euskalbabel.eus\/eu\/wp-json\/wp\/v2\/comments?post=990221"}],"version-history":[{"count":1,"href":"https:\/\/euskalbabel.eus\/eu\/wp-json\/wp\/v2\/posts\/990221\/revisions"}],"predecessor-version":[{"id":990226,"href":"https:\/\/euskalbabel.eus\/eu\/wp-json\/wp\/v2\/posts\/990221\/revisions\/990226"}],"wp:featuredmedia":[{"embeddable":true,"href":"https:\/\/euskalbabel.eus\/eu\/wp-json\/wp\/v2\/media\/989686"}],"wp:attachment":[{"href":"https:\/\/euskalbabel.eus\/eu\/wp-json\/wp\/v2\/media?parent=990221"}],"wp:term":[{"taxonomy":"category","embeddable":true,"href":"https:\/\/euskalbabel.eus\/eu\/wp-json\/wp\/v2\/categories?post=990221"},{"taxonomy":"post_tag","embeddable":true,"href":"https:\/\/euskalbabel.eus\/eu\/wp-json\/wp\/v2\/tags?post=990221"}],"curies":[{"name":"wp","href":"https:\/\/api.w.org\/{rel}","templated":true}]}}