{"id":990809,"date":"2026-03-29T13:42:34","date_gmt":"2026-03-29T13:42:34","guid":{"rendered":"https:\/\/euskalbabel.eus\/ez-daukat-kodea\/"},"modified":"2026-04-07T20:02:41","modified_gmt":"2026-04-07T20:02:41","slug":"ez-daukat-kodea","status":"publish","type":"post","link":"https:\/\/euskalbabel.eus\/eu\/ez-daukat-kodea\/","title":{"rendered":"Ez daukat kodea"},"content":{"rendered":"<div class=\"vgblk-rw-wrapper limit-wrapper\">2026ko Baionan ospatu zen Aniztasunaren Astean, Euskal Babelek bi aldiz egin zen <strong>emanaldi-testigantza bat<\/strong> eskaini zuen, Jakinola-Maison des langues-en eta Baionako hiriguneko Mediatekan.<\/p>\n<p><img decoding=\"async\" loading=\"lazy\" class=\"alignnone size-medium wp-image-990778\" src=\"https:\/\/euskalbabel.eus\/wp-content\/uploads\/2026\/03\/2026-03-27-2-300x225.jpeg\" alt=\"\" width=\"300\" height=\"225\" srcset=\"https:\/\/euskalbabel.eus\/wp-content\/uploads\/2026\/03\/2026-03-27-2-300x225.jpeg 300w, https:\/\/euskalbabel.eus\/wp-content\/uploads\/2026\/03\/2026-03-27-2-1024x768.jpeg 1024w, https:\/\/euskalbabel.eus\/wp-content\/uploads\/2026\/03\/2026-03-27-2-768x576.jpeg 768w, https:\/\/euskalbabel.eus\/wp-content\/uploads\/2026\/03\/2026-03-27-2-1536x1152.jpeg 1536w, https:\/\/euskalbabel.eus\/wp-content\/uploads\/2026\/03\/2026-03-27-2-1140x855.jpeg 1140w, https:\/\/euskalbabel.eus\/wp-content\/uploads\/2026\/03\/2026-03-27-2-570x428.jpeg 570w, https:\/\/euskalbabel.eus\/wp-content\/uploads\/2026\/03\/2026-03-27-2.jpeg 2040w\" sizes=\"(max-width: 300px) 100vw, 300px\" \/>   <img decoding=\"async\" loading=\"lazy\" class=\"alignnone size-medium wp-image-990806\" src=\"https:\/\/euskalbabel.eus\/wp-content\/uploads\/2026\/03\/2026-04-03-9-300x225.jpeg\" alt=\"\" width=\"300\" height=\"225\" srcset=\"https:\/\/euskalbabel.eus\/wp-content\/uploads\/2026\/03\/2026-04-03-9-300x225.jpeg 300w, https:\/\/euskalbabel.eus\/wp-content\/uploads\/2026\/03\/2026-04-03-9-1024x768.jpeg 1024w, https:\/\/euskalbabel.eus\/wp-content\/uploads\/2026\/03\/2026-04-03-9-768x576.jpeg 768w, https:\/\/euskalbabel.eus\/wp-content\/uploads\/2026\/03\/2026-04-03-9-1536x1152.jpeg 1536w, https:\/\/euskalbabel.eus\/wp-content\/uploads\/2026\/03\/2026-04-03-9-1140x855.jpeg 1140w, https:\/\/euskalbabel.eus\/wp-content\/uploads\/2026\/03\/2026-04-03-9-570x428.jpeg 570w, https:\/\/euskalbabel.eus\/wp-content\/uploads\/2026\/03\/2026-04-03-9.jpeg 2040w\" sizes=\"(max-width: 300px) 100vw, 300px\" \/><\/p>\n<p>Giza Liburutegian inspiratuta, liburutegi bat zen, non liburuak ez ziren paperezkoak, baizik eta hezur-haragizko pertsonak ziren, eta &#8220;irakurleek&#8221; gehienez 10 minutuz maileguan har zitzaketen.<\/p>\n<p><img decoding=\"async\" loading=\"lazy\" class=\"alignnone size-medium wp-image-990792\" src=\"https:\/\/euskalbabel.eus\/wp-content\/uploads\/2026\/03\/2026-04-03-2-300x225.jpeg\" alt=\"\" width=\"300\" height=\"181\"><\/p>\n<p>Helburua hizkuntza- eta kultura-aniztasunaren gaia jorratzea eta kultura-eskubideen errespetu ezaren fenomenoari eta haien ondorio zuzenei aurre egitea zen, hala nola jatorrian oinarritutako diskriminazioari.<\/p>\n<p>6 liburu bizidunek beren historia pertsonaleko pasarte bat kontatu zuten, eta horretarako &#8220;koderik ez&#8221; zuten.<\/p>\n<p><img decoding=\"async\" loading=\"lazy\" class=\"alignnone size-medium wp-image-990804\" src=\"https:\/\/euskalbabel.eus\/wp-content\/uploads\/2026\/03\/2026-04-03-8-300x225.jpeg\" alt=\"\" width=\"300\" height=\"225\" srcset=\"https:\/\/euskalbabel.eus\/wp-content\/uploads\/2026\/03\/2026-04-03-8-300x225.jpeg 300w, https:\/\/euskalbabel.eus\/wp-content\/uploads\/2026\/03\/2026-04-03-8-1024x768.jpeg 1024w, https:\/\/euskalbabel.eus\/wp-content\/uploads\/2026\/03\/2026-04-03-8-768x576.jpeg 768w, https:\/\/euskalbabel.eus\/wp-content\/uploads\/2026\/03\/2026-04-03-8-1536x1152.jpeg 1536w, https:\/\/euskalbabel.eus\/wp-content\/uploads\/2026\/03\/2026-04-03-8-1140x855.jpeg 1140w, https:\/\/euskalbabel.eus\/wp-content\/uploads\/2026\/03\/2026-04-03-8-570x428.jpeg 570w, https:\/\/euskalbabel.eus\/wp-content\/uploads\/2026\/03\/2026-04-03-8.jpeg 2040w\" sizes=\"(max-width: 300px) 100vw, 300px\" \/>   <img decoding=\"async\" loading=\"lazy\" class=\"alignnone size-medium wp-image-990802\" src=\"https:\/\/euskalbabel.eus\/wp-content\/uploads\/2026\/03\/2026-04-03-7-300x225.jpeg\" alt=\"\" width=\"300\" height=\"225\" srcset=\"https:\/\/euskalbabel.eus\/wp-content\/uploads\/2026\/03\/2026-04-03-7-300x225.jpeg 300w, https:\/\/euskalbabel.eus\/wp-content\/uploads\/2026\/03\/2026-04-03-7-1024x768.jpeg 1024w, https:\/\/euskalbabel.eus\/wp-content\/uploads\/2026\/03\/2026-04-03-7-768x576.jpeg 768w, https:\/\/euskalbabel.eus\/wp-content\/uploads\/2026\/03\/2026-04-03-7-1536x1152.jpeg 1536w, https:\/\/euskalbabel.eus\/wp-content\/uploads\/2026\/03\/2026-04-03-7-1140x855.jpeg 1140w, https:\/\/euskalbabel.eus\/wp-content\/uploads\/2026\/03\/2026-04-03-7-570x428.jpeg 570w, https:\/\/euskalbabel.eus\/wp-content\/uploads\/2026\/03\/2026-04-03-7.jpeg 2040w\" sizes=\"(max-width: 300px) 100vw, 300px\" \/>   <img decoding=\"async\" loading=\"lazy\" class=\"alignnone size-medium wp-image-990800\" src=\"https:\/\/euskalbabel.eus\/wp-content\/uploads\/2026\/03\/2026-04-03-6-300x225.jpeg\" alt=\"\" width=\"300\" height=\"225\" srcset=\"https:\/\/euskalbabel.eus\/wp-content\/uploads\/2026\/03\/2026-04-03-6-300x225.jpeg 300w, https:\/\/euskalbabel.eus\/wp-content\/uploads\/2026\/03\/2026-04-03-6-1024x768.jpeg 1024w, https:\/\/euskalbabel.eus\/wp-content\/uploads\/2026\/03\/2026-04-03-6-768x576.jpeg 768w, https:\/\/euskalbabel.eus\/wp-content\/uploads\/2026\/03\/2026-04-03-6-1536x1152.jpeg 1536w, https:\/\/euskalbabel.eus\/wp-content\/uploads\/2026\/03\/2026-04-03-6-1140x855.jpeg 1140w, https:\/\/euskalbabel.eus\/wp-content\/uploads\/2026\/03\/2026-04-03-6-570x428.jpeg 570w, https:\/\/euskalbabel.eus\/wp-content\/uploads\/2026\/03\/2026-04-03-6.jpeg 2040w\" sizes=\"(max-width: 300px) 100vw, 300px\" \/><\/p>\n<p><img decoding=\"async\" loading=\"lazy\" class=\"alignnone size-medium wp-image-990798\" src=\"https:\/\/euskalbabel.eus\/wp-content\/uploads\/2026\/03\/2026-04-03-5-300x225.jpeg\" alt=\"\" width=\"300\" height=\"225\" srcset=\"https:\/\/euskalbabel.eus\/wp-content\/uploads\/2026\/03\/2026-04-03-5-300x225.jpeg 300w, https:\/\/euskalbabel.eus\/wp-content\/uploads\/2026\/03\/2026-04-03-5-1024x768.jpeg 1024w, https:\/\/euskalbabel.eus\/wp-content\/uploads\/2026\/03\/2026-04-03-5-768x576.jpeg 768w, https:\/\/euskalbabel.eus\/wp-content\/uploads\/2026\/03\/2026-04-03-5-1536x1152.jpeg 1536w, https:\/\/euskalbabel.eus\/wp-content\/uploads\/2026\/03\/2026-04-03-5-1140x855.jpeg 1140w, https:\/\/euskalbabel.eus\/wp-content\/uploads\/2026\/03\/2026-04-03-5-570x428.jpeg 570w, https:\/\/euskalbabel.eus\/wp-content\/uploads\/2026\/03\/2026-04-03-5.jpeg 2040w\" sizes=\"(max-width: 300px) 100vw, 300px\" \/>   <img decoding=\"async\" loading=\"lazy\" class=\"alignnone size-medium wp-image-990796\" src=\"https:\/\/euskalbabel.eus\/wp-content\/uploads\/2026\/03\/2026-04-03-4-300x225.jpeg\" alt=\"\" width=\"300\" height=\"225\" srcset=\"https:\/\/euskalbabel.eus\/wp-content\/uploads\/2026\/03\/2026-04-03-4-300x225.jpeg 300w, https:\/\/euskalbabel.eus\/wp-content\/uploads\/2026\/03\/2026-04-03-4-1024x768.jpeg 1024w, https:\/\/euskalbabel.eus\/wp-content\/uploads\/2026\/03\/2026-04-03-4-768x576.jpeg 768w, https:\/\/euskalbabel.eus\/wp-content\/uploads\/2026\/03\/2026-04-03-4-1536x1152.jpeg 1536w, https:\/\/euskalbabel.eus\/wp-content\/uploads\/2026\/03\/2026-04-03-4-1140x855.jpeg 1140w, https:\/\/euskalbabel.eus\/wp-content\/uploads\/2026\/03\/2026-04-03-4-570x428.jpeg 570w, https:\/\/euskalbabel.eus\/wp-content\/uploads\/2026\/03\/2026-04-03-4.jpeg 2040w\" sizes=\"(max-width: 300px) 100vw, 300px\" \/>   <img decoding=\"async\" loading=\"lazy\" class=\"alignnone size-medium wp-image-990794\" src=\"https:\/\/euskalbabel.eus\/wp-content\/uploads\/2026\/03\/2026-04-03-3-300x225.jpeg\" alt=\"\" width=\"300\" height=\"225\" srcset=\"https:\/\/euskalbabel.eus\/wp-content\/uploads\/2026\/03\/2026-04-03-3-300x225.jpeg 300w, https:\/\/euskalbabel.eus\/wp-content\/uploads\/2026\/03\/2026-04-03-3-1024x768.jpeg 1024w, https:\/\/euskalbabel.eus\/wp-content\/uploads\/2026\/03\/2026-04-03-3-768x576.jpeg 768w, https:\/\/euskalbabel.eus\/wp-content\/uploads\/2026\/03\/2026-04-03-3-1536x1152.jpeg 1536w, https:\/\/euskalbabel.eus\/wp-content\/uploads\/2026\/03\/2026-04-03-3-1140x855.jpeg 1140w, https:\/\/euskalbabel.eus\/wp-content\/uploads\/2026\/03\/2026-04-03-3-570x428.jpeg 570w, https:\/\/euskalbabel.eus\/wp-content\/uploads\/2026\/03\/2026-04-03-3.jpeg 2040w\" sizes=\"(max-width: 300px) 100vw, 300px\" \/><\/p>\n<p>Milesker prozesua babestu zuen La Fabrique Affam\u00e9e antzerki konpainiari!<\/p>\n<p><img decoding=\"async\" loading=\"lazy\" class=\"alignnone size-medium wp-image-990780\" src=\"https:\/\/euskalbabel.eus\/wp-content\/uploads\/2026\/03\/2026-03-27-3-300x225.jpeg\" alt=\"\" width=\"300\" height=\"225\" srcset=\"https:\/\/euskalbabel.eus\/wp-content\/uploads\/2026\/03\/2026-03-27-3-300x225.jpeg 300w, https:\/\/euskalbabel.eus\/wp-content\/uploads\/2026\/03\/2026-03-27-3-1024x768.jpeg 1024w, https:\/\/euskalbabel.eus\/wp-content\/uploads\/2026\/03\/2026-03-27-3-768x576.jpeg 768w, https:\/\/euskalbabel.eus\/wp-content\/uploads\/2026\/03\/2026-03-27-3-1536x1152.jpeg 1536w, https:\/\/euskalbabel.eus\/wp-content\/uploads\/2026\/03\/2026-03-27-3-1140x855.jpeg 1140w, https:\/\/euskalbabel.eus\/wp-content\/uploads\/2026\/03\/2026-03-27-3-570x428.jpeg 570w, https:\/\/euskalbabel.eus\/wp-content\/uploads\/2026\/03\/2026-03-27-3.jpeg 2040w\" sizes=\"(max-width: 300px) 100vw, 300px\" \/><\/p>\n<p>Eta milesker herritarren zerbitzuko boluntario talde jatorrari!<\/p>\n<p><img decoding=\"async\" loading=\"lazy\" class=\"alignnone size-medium wp-image-990790\" src=\"https:\/\/euskalbabel.eus\/wp-content\/uploads\/2026\/03\/2026-04-03-1-300x225.jpeg\" alt=\"\" width=\"300\" height=\"225\" srcset=\"https:\/\/euskalbabel.eus\/wp-content\/uploads\/2026\/03\/2026-04-03-1-300x225.jpeg 300w, https:\/\/euskalbabel.eus\/wp-content\/uploads\/2026\/03\/2026-04-03-1-1024x768.jpeg 1024w, https:\/\/euskalbabel.eus\/wp-content\/uploads\/2026\/03\/2026-04-03-1-768x576.jpeg 768w, https:\/\/euskalbabel.eus\/wp-content\/uploads\/2026\/03\/2026-04-03-1-1536x1152.jpeg 1536w, https:\/\/euskalbabel.eus\/wp-content\/uploads\/2026\/03\/2026-04-03-1-1140x855.jpeg 1140w, https:\/\/euskalbabel.eus\/wp-content\/uploads\/2026\/03\/2026-04-03-1-570x428.jpeg 570w, https:\/\/euskalbabel.eus\/wp-content\/uploads\/2026\/03\/2026-04-03-1.jpeg 2040w\" sizes=\"(max-width: 300px) 100vw, 300px\" \/><\/p>\n<p><strong>Azkenik, hona hemen ikusle baten testigantza:<\/strong><\/p>\n<p>Entre th\u00e9\u00e2tre et po\u00e9sie, J\u2019ai pas le code m\u2019a fait penser \u00e0 une citation que j\u2019adore : \u00ab Je n\u2019aime pas les destins fig\u00e9s ni les \u00eatres qui ne savent pas casser leur moule. \u00bb<br \/>\nDans un double mouvement, celui des histoires partag\u00e9es et le n\u00f4tre en tant que spectateurs, une danse unique et en m\u00eame temps universelle s\u2019est d\u00e9roul\u00e9e pour mon plus grand plaisir : celle de l\u2019humanit\u00e9 dans toute sa spontan\u00e9it\u00e9.<br \/>\nJ\u2019ai aim\u00e9 me laisser guider et \u00e9couter des \u00eatres sans fard en me laissant toucher par leurs \u00e9motions. Certaines m\u2019ont parl\u00e9 plus que d\u2019autres, comme celle de l\u2019exil\u00e9e que je suis et qui comprend ce sentiment d\u2019\u00e9cart\u00e8lement. D\u2019autres m\u2019ont ouvert les yeux sur la diff\u00e9rence \u00e0 laquelle je suis si sensible et que je d\u00e9fends corps et \u00e2me \u00e0 mon humble niveau. J\u2019ai d\u00e9cid\u00e9 d\u2019ailleurs de travailler sur le texte d\u2019Aitor avec mes \u00e9l\u00e8ves allophones. Comme pour prolonger la port\u00e9e de son message bouleversant.<br \/>\nChapeau, vraiment, au cr\u00e9ateur du spectacle : cette id\u00e9e de mise en mouvement par le biais de cartes ludiques, notamment, va faire son chemin aussi et fait d\u00e9j\u00e0 na\u00eetre en moi des envies pour mes prochains ateliers d\u2019art-th\u00e9rapie.    <\/p>\n<p>Carine Lafontana, hegaldia arte<\/p><\/div>\n<p><!-- .vgblk-rw-wrapper --><\/p>\n","protected":false},"excerpt":{"rendered":"<p>2026ko Baionan ospatu zen Aniztasunaren Astean, Euskal Babelek bi aldiz egin zen emanaldi-testigantza bat eskaini zuen, Jakinola-Maison des langues-en eta Baionako hiriguneko Mediatekan. Giza Liburutegian inspiratuta, liburutegi bat zen, non liburuak ez ziren paperezkoak, baizik eta hezur-haragizko pertsonak ziren, eta &#8220;irakurleek&#8221; gehienez 10 minutuz maileguan har zitzaketen. Helburua hizkuntza- eta kultura-aniztasunaren gaia jorratzea eta kultura-eskubideen&#8230;<\/p>\n","protected":false},"author":2,"featured_media":990793,"comment_status":"closed","ping_status":"closed","sticky":false,"template":"","format":"standard","meta":{"_seopress_robots_primary_cat":"none"},"categories":[1],"tags":[],"acf":[],"_links":{"self":[{"href":"https:\/\/euskalbabel.eus\/eu\/wp-json\/wp\/v2\/posts\/990809"}],"collection":[{"href":"https:\/\/euskalbabel.eus\/eu\/wp-json\/wp\/v2\/posts"}],"about":[{"href":"https:\/\/euskalbabel.eus\/eu\/wp-json\/wp\/v2\/types\/post"}],"author":[{"embeddable":true,"href":"https:\/\/euskalbabel.eus\/eu\/wp-json\/wp\/v2\/users\/2"}],"replies":[{"embeddable":true,"href":"https:\/\/euskalbabel.eus\/eu\/wp-json\/wp\/v2\/comments?post=990809"}],"version-history":[{"count":1,"href":"https:\/\/euskalbabel.eus\/eu\/wp-json\/wp\/v2\/posts\/990809\/revisions"}],"predecessor-version":[{"id":990810,"href":"https:\/\/euskalbabel.eus\/eu\/wp-json\/wp\/v2\/posts\/990809\/revisions\/990810"}],"wp:featuredmedia":[{"embeddable":true,"href":"https:\/\/euskalbabel.eus\/eu\/wp-json\/wp\/v2\/media\/990793"}],"wp:attachment":[{"href":"https:\/\/euskalbabel.eus\/eu\/wp-json\/wp\/v2\/media?parent=990809"}],"wp:term":[{"taxonomy":"category","embeddable":true,"href":"https:\/\/euskalbabel.eus\/eu\/wp-json\/wp\/v2\/categories?post=990809"},{"taxonomy":"post_tag","embeddable":true,"href":"https:\/\/euskalbabel.eus\/eu\/wp-json\/wp\/v2\/tags?post=990809"}],"curies":[{"name":"wp","href":"https:\/\/api.w.org\/{rel}","templated":true}]}}